{"id":1422,"date":"2025-09-03T10:02:17","date_gmt":"2025-09-03T10:02:17","guid":{"rendered":"https:\/\/baluldelacastel.bethany.ro\/?p=1422"},"modified":"2025-09-21T08:58:40","modified_gmt":"2025-09-21T08:58:40","slug":"the-memory-from-the-island-valentina-drutu","status":"publish","type":"post","link":"https:\/\/baluldelacastel.bethany.ro\/en\/the-memory-from-the-island-valentina-drutu\/","title":{"rendered":"The Memory from the Island, Valentina Dru\u021bu"},"content":{"rendered":"<p>Acrilic \/ Handmade Paper<br \/>\n72 \u00d7 51 cm<\/p>\n<p>Valentina Dru\u021bu este una dintre cele mai remarcabile artiste vizuale rom\u00e2ne contemporane, cunoscut\u0103 pentru explorarea poetic\u0103 a memoriei, naturii \u0219i introspec\u021biei vizuale. Absolvent\u0103 a Academiei de Arte \u201eGeorge Enescu\u201d din Ia\u0219i \u0219i doctorand \u00een arte vizuale, Dru\u021bu a combinat o carier\u0103 profesional\u0103 solid\u0103 \u00een muzeografie cu o practic\u0103 artistic\u0103 prolific\u0103. Activitatea sa a fost recunoscut\u0103 prin premii \u0219i distinc\u021bii na\u021bionale, iar lucr\u0103rile sale se reg\u0103sesc \u00een colec\u021bii muzeale \u0219i private din SUA, Marea Britanie, Grecia, Germania, Fran\u021ba, Italia, Olanda \u0219i Suedia.<\/p>\n<p>\u201eThe Memory from the Island\u201d reflect\u0103 sensibilitatea subtil\u0103 \u0219i aten\u021bia la detaliu care caracterizeaz\u0103 universul creativ al artistei. Prin gesturi picturale rafinate \u0219i o palet\u0103 cromatic\u0103 vibrant\u0103, Dru\u021bu creeaz\u0103 un spa\u021biu de medita\u021bie vizual\u0103, unde fiecare tu\u0219\u0103 devine o invita\u021bie la introspec\u021bie. Lucrarea este un dialog \u00eentre om \u0219i natur\u0103, \u00eentre memorie \u0219i prezent, \u00een care fragmentele de paradis se transform\u0103 \u00een experien\u021be emo\u021bionale palpabile. Criticul Dr. Maria Bila\u0219evschi remarc\u0103 cum privitorul devine parte a unui proces de redescoperire a naturii printr-o \u201earheologie cultural\u0103\u201d, travers\u00e2nd o suit\u0103 de metamorfoze vizuale \u0219i afective.<\/p>\n<p>Prin aceast\u0103 pictur\u0103, Dru\u021bu invit\u0103 privitorul s\u0103 tr\u0103iasc\u0103 o experien\u021b\u0103 intim\u0103, s\u0103 contemple echilibrul dintre fragilitate \u0219i for\u021ba vital\u0103 a lumii naturale. Fiecare strat \u0219i tu\u0219\u0103 se \u00eenscrie \u00eentr-o arhitectur\u0103 subtil\u0103 a gestului artistic, care transfigureaz\u0103 spa\u021biul vizual \u00eentr-o reverie emo\u021bional\u0103.<\/p>\n<p>La Balul de La Castel, \u201eThe Memory from the Island\u201d devine mai mult dec\u00e2t o lucrare: este o experien\u021b\u0103 de contemplare \u0219i conexiune, o dovad\u0103 a capacit\u0103\u021bii artei de a transforma memoria \u0219i natura \u00een emo\u021bie pur\u0103 \u0219i reflec\u021bie profund\u0103.<\/p>","protected":false},"excerpt":{"rendered":"<p>Pre\u021bul estimativ: 2800 \u20ac<br><br \/>\nPre\u021bul de pornire: 1000 \u20ac<br><br \/>\nDisponibil \u00een licita\u021bia live<\/p>","protected":false},"author":2,"featured_media":1417,"comment_status":"open","ping_status":"open","sticky":false,"template":"","format":"standard","meta":{"_acf_changed":false,"footnotes":""},"categories":[9],"tags":[],"class_list":["post-1422","post","type-post","status-publish","format-standard","has-post-thumbnail","hentry","category-obiecte-licitatie-2025"],"acf":[],"yoast_head":"<!-- This site is optimized with the Yoast SEO plugin v27.5 - https:\/\/yoast.com\/product\/yoast-seo-wordpress\/ -->\n<title>The Memory from the Island, Valentina Dru\u021bu - Balul de la Castel<\/title>\n<meta name=\"robots\" content=\"index, follow, max-snippet:-1, max-image-preview:large, max-video-preview:-1\" \/>\n<link rel=\"canonical\" href=\"https:\/\/baluldelacastel.bethany.ro\/en\/the-memory-from-the-island-valentina-drutu\/\" \/>\n<meta property=\"og:locale\" content=\"en_GB\" \/>\n<meta property=\"og:type\" content=\"article\" \/>\n<meta property=\"og:title\" content=\"The Memory from the Island, Valentina Dru\u021bu - Balul de la Castel\" \/>\n<meta property=\"og:description\" content=\"Pre\u021bul estimativ: 2800 \u20ac Pre\u021bul de pornire: 1000 \u20ac Disponibil \u00een licita\u021bia live\" \/>\n<meta property=\"og:url\" content=\"https:\/\/baluldelacastel.bethany.ro\/en\/the-memory-from-the-island-valentina-drutu\/\" \/>\n<meta property=\"og:site_name\" content=\"Balul de la Castel\" \/>\n<meta property=\"article:publisher\" content=\"https:\/\/www.instagram.com\/balul_de_la_castel\/\" \/>\n<meta property=\"article:published_time\" content=\"2025-09-03T10:02:17+00:00\" \/>\n<meta property=\"article:modified_time\" content=\"2025-09-21T08:58:40+00:00\" \/>\n<meta property=\"og:image\" content=\"https:\/\/baluldelacastel.bethany.ro\/wp-content\/uploads\/2025\/09\/Produs-9.png\" \/>\n\t<meta property=\"og:image:width\" content=\"1920\" \/>\n\t<meta property=\"og:image:height\" content=\"1080\" \/>\n\t<meta property=\"og:image:type\" content=\"image\/png\" \/>\n<meta name=\"author\" content=\"ciprian\" \/>\n<meta name=\"twitter:card\" content=\"summary_large_image\" \/>\n<meta name=\"twitter:label1\" content=\"Written by\" \/>\n\t<meta name=\"twitter:data1\" content=\"ciprian\" \/>\n\t<meta name=\"twitter:label2\" content=\"Estimated reading time\" \/>\n\t<meta name=\"twitter:data2\" content=\"2 minutes\" \/>\n<script type=\"application\/ld+json\" class=\"yoast-schema-graph\">{\"@context\":\"https:\\\/\\\/schema.org\",\"@graph\":[{\"@type\":\"Article\",\"@id\":\"https:\\\/\\\/baluldelacastel.bethany.ro\\\/the-memory-from-the-island-valentina-drutu\\\/#article\",\"isPartOf\":{\"@id\":\"https:\\\/\\\/baluldelacastel.bethany.ro\\\/the-memory-from-the-island-valentina-drutu\\\/\"},\"author\":{\"name\":\"ciprian\",\"@id\":\"https:\\\/\\\/baluldelacastel.bethany.ro\\\/#\\\/schema\\\/person\\\/233107c998f25ef927cce8e11f83f0f9\"},\"headline\":\"The Memory from the Island, Valentina Dru\u021bu\",\"datePublished\":\"2025-09-03T10:02:17+00:00\",\"dateModified\":\"2025-09-21T08:58:40+00:00\",\"mainEntityOfPage\":{\"@id\":\"https:\\\/\\\/baluldelacastel.bethany.ro\\\/the-memory-from-the-island-valentina-drutu\\\/\"},\"wordCount\":296,\"commentCount\":0,\"publisher\":{\"@id\":\"https:\\\/\\\/baluldelacastel.bethany.ro\\\/#organization\"},\"image\":{\"@id\":\"https:\\\/\\\/baluldelacastel.bethany.ro\\\/the-memory-from-the-island-valentina-drutu\\\/#primaryimage\"},\"thumbnailUrl\":\"https:\\\/\\\/baluldelacastel.bethany.ro\\\/wp-content\\\/uploads\\\/2025\\\/09\\\/Produs-9.png\",\"articleSection\":[\"Obiecte licitatie 2025\"],\"inLanguage\":\"en-GB\",\"potentialAction\":[{\"@type\":\"CommentAction\",\"name\":\"Comment\",\"target\":[\"https:\\\/\\\/baluldelacastel.bethany.ro\\\/the-memory-from-the-island-valentina-drutu\\\/#respond\"]}]},{\"@type\":\"WebPage\",\"@id\":\"https:\\\/\\\/baluldelacastel.bethany.ro\\\/the-memory-from-the-island-valentina-drutu\\\/\",\"url\":\"https:\\\/\\\/baluldelacastel.bethany.ro\\\/the-memory-from-the-island-valentina-drutu\\\/\",\"name\":\"The Memory from the Island, Valentina Dru\u021bu - Balul de la Castel\",\"isPartOf\":{\"@id\":\"https:\\\/\\\/baluldelacastel.bethany.ro\\\/#website\"},\"primaryImageOfPage\":{\"@id\":\"https:\\\/\\\/baluldelacastel.bethany.ro\\\/the-memory-from-the-island-valentina-drutu\\\/#primaryimage\"},\"image\":{\"@id\":\"https:\\\/\\\/baluldelacastel.bethany.ro\\\/the-memory-from-the-island-valentina-drutu\\\/#primaryimage\"},\"thumbnailUrl\":\"https:\\\/\\\/baluldelacastel.bethany.ro\\\/wp-content\\\/uploads\\\/2025\\\/09\\\/Produs-9.png\",\"datePublished\":\"2025-09-03T10:02:17+00:00\",\"dateModified\":\"2025-09-21T08:58:40+00:00\",\"breadcrumb\":{\"@id\":\"https:\\\/\\\/baluldelacastel.bethany.ro\\\/the-memory-from-the-island-valentina-drutu\\\/#breadcrumb\"},\"inLanguage\":\"en-GB\",\"potentialAction\":[{\"@type\":\"ReadAction\",\"target\":[\"https:\\\/\\\/baluldelacastel.bethany.ro\\\/the-memory-from-the-island-valentina-drutu\\\/\"]}]},{\"@type\":\"ImageObject\",\"inLanguage\":\"en-GB\",\"@id\":\"https:\\\/\\\/baluldelacastel.bethany.ro\\\/the-memory-from-the-island-valentina-drutu\\\/#primaryimage\",\"url\":\"https:\\\/\\\/baluldelacastel.bethany.ro\\\/wp-content\\\/uploads\\\/2025\\\/09\\\/Produs-9.png\",\"contentUrl\":\"https:\\\/\\\/baluldelacastel.bethany.ro\\\/wp-content\\\/uploads\\\/2025\\\/09\\\/Produs-9.png\",\"width\":1920,\"height\":1080},{\"@type\":\"BreadcrumbList\",\"@id\":\"https:\\\/\\\/baluldelacastel.bethany.ro\\\/the-memory-from-the-island-valentina-drutu\\\/#breadcrumb\",\"itemListElement\":[{\"@type\":\"ListItem\",\"position\":1,\"name\":\"Home\",\"item\":\"https:\\\/\\\/baluldelacastel.bethany.ro\\\/\"},{\"@type\":\"ListItem\",\"position\":2,\"name\":\"The Memory from the Island, Valentina Dru\u021bu\"}]},{\"@type\":\"WebSite\",\"@id\":\"https:\\\/\\\/baluldelacastel.bethany.ro\\\/#website\",\"url\":\"https:\\\/\\\/baluldelacastel.bethany.ro\\\/\",\"name\":\"Balul de la Castel\",\"description\":\"Bethany\",\"publisher\":{\"@id\":\"https:\\\/\\\/baluldelacastel.bethany.ro\\\/#organization\"},\"potentialAction\":[{\"@type\":\"SearchAction\",\"target\":{\"@type\":\"EntryPoint\",\"urlTemplate\":\"https:\\\/\\\/baluldelacastel.bethany.ro\\\/?s={search_term_string}\"},\"query-input\":{\"@type\":\"PropertyValueSpecification\",\"valueRequired\":true,\"valueName\":\"search_term_string\"}}],\"inLanguage\":\"en-GB\"},{\"@type\":\"Organization\",\"@id\":\"https:\\\/\\\/baluldelacastel.bethany.ro\\\/#organization\",\"name\":\"Bethany\",\"url\":\"https:\\\/\\\/baluldelacastel.bethany.ro\\\/\",\"logo\":{\"@type\":\"ImageObject\",\"inLanguage\":\"en-GB\",\"@id\":\"https:\\\/\\\/baluldelacastel.bethany.ro\\\/#\\\/schema\\\/logo\\\/image\\\/\",\"url\":\"https:\\\/\\\/baluldelacastel.bethany.ro\\\/wp-content\\\/uploads\\\/2024\\\/07\\\/Asset-1_1.png\",\"contentUrl\":\"https:\\\/\\\/baluldelacastel.bethany.ro\\\/wp-content\\\/uploads\\\/2024\\\/07\\\/Asset-1_1.png\",\"width\":597,\"height\":336,\"caption\":\"Bethany\"},\"image\":{\"@id\":\"https:\\\/\\\/baluldelacastel.bethany.ro\\\/#\\\/schema\\\/logo\\\/image\\\/\"},\"sameAs\":[\"https:\\\/\\\/www.instagram.com\\\/balul_de_la_castel\\\/\"]},{\"@type\":\"Person\",\"@id\":\"https:\\\/\\\/baluldelacastel.bethany.ro\\\/#\\\/schema\\\/person\\\/233107c998f25ef927cce8e11f83f0f9\",\"name\":\"ciprian\",\"image\":{\"@type\":\"ImageObject\",\"inLanguage\":\"en-GB\",\"@id\":\"https:\\\/\\\/secure.gravatar.com\\\/avatar\\\/89aac401737793e89b7242587bc87a0e64b247f1c684297220f89f266303fb21?s=96&d=mm&r=g\",\"url\":\"https:\\\/\\\/secure.gravatar.com\\\/avatar\\\/89aac401737793e89b7242587bc87a0e64b247f1c684297220f89f266303fb21?s=96&d=mm&r=g\",\"contentUrl\":\"https:\\\/\\\/secure.gravatar.com\\\/avatar\\\/89aac401737793e89b7242587bc87a0e64b247f1c684297220f89f266303fb21?s=96&d=mm&r=g\",\"caption\":\"ciprian\"},\"url\":\"https:\\\/\\\/baluldelacastel.bethany.ro\\\/en\\\/author\\\/ciprian\\\/\"}]}<\/script>\n<!-- \/ Yoast SEO plugin. -->","yoast_head_json":{"title":"The Memory from the Island, Valentina Dru\u021bu - Balul de la Castel","robots":{"index":"index","follow":"follow","max-snippet":"max-snippet:-1","max-image-preview":"max-image-preview:large","max-video-preview":"max-video-preview:-1"},"canonical":"https:\/\/baluldelacastel.bethany.ro\/en\/the-memory-from-the-island-valentina-drutu\/","og_locale":"en_GB","og_type":"article","og_title":"The Memory from the Island, Valentina Dru\u021bu - Balul de la Castel","og_description":"Pre\u021bul estimativ: 2800 \u20ac Pre\u021bul de pornire: 1000 \u20ac Disponibil \u00een licita\u021bia live","og_url":"https:\/\/baluldelacastel.bethany.ro\/en\/the-memory-from-the-island-valentina-drutu\/","og_site_name":"Balul de la Castel","article_publisher":"https:\/\/www.instagram.com\/balul_de_la_castel\/","article_published_time":"2025-09-03T10:02:17+00:00","article_modified_time":"2025-09-21T08:58:40+00:00","og_image":[{"width":1920,"height":1080,"url":"https:\/\/baluldelacastel.bethany.ro\/wp-content\/uploads\/2025\/09\/Produs-9.png","type":"image\/png"}],"author":"ciprian","twitter_card":"summary_large_image","twitter_misc":{"Written by":"ciprian","Estimated reading time":"2 minutes"},"schema":{"@context":"https:\/\/schema.org","@graph":[{"@type":"Article","@id":"https:\/\/baluldelacastel.bethany.ro\/the-memory-from-the-island-valentina-drutu\/#article","isPartOf":{"@id":"https:\/\/baluldelacastel.bethany.ro\/the-memory-from-the-island-valentina-drutu\/"},"author":{"name":"ciprian","@id":"https:\/\/baluldelacastel.bethany.ro\/#\/schema\/person\/233107c998f25ef927cce8e11f83f0f9"},"headline":"The Memory from the Island, Valentina Dru\u021bu","datePublished":"2025-09-03T10:02:17+00:00","dateModified":"2025-09-21T08:58:40+00:00","mainEntityOfPage":{"@id":"https:\/\/baluldelacastel.bethany.ro\/the-memory-from-the-island-valentina-drutu\/"},"wordCount":296,"commentCount":0,"publisher":{"@id":"https:\/\/baluldelacastel.bethany.ro\/#organization"},"image":{"@id":"https:\/\/baluldelacastel.bethany.ro\/the-memory-from-the-island-valentina-drutu\/#primaryimage"},"thumbnailUrl":"https:\/\/baluldelacastel.bethany.ro\/wp-content\/uploads\/2025\/09\/Produs-9.png","articleSection":["Obiecte licitatie 2025"],"inLanguage":"en-GB","potentialAction":[{"@type":"CommentAction","name":"Comment","target":["https:\/\/baluldelacastel.bethany.ro\/the-memory-from-the-island-valentina-drutu\/#respond"]}]},{"@type":"WebPage","@id":"https:\/\/baluldelacastel.bethany.ro\/the-memory-from-the-island-valentina-drutu\/","url":"https:\/\/baluldelacastel.bethany.ro\/the-memory-from-the-island-valentina-drutu\/","name":"The Memory from the Island, Valentina Dru\u021bu - Balul de la Castel","isPartOf":{"@id":"https:\/\/baluldelacastel.bethany.ro\/#website"},"primaryImageOfPage":{"@id":"https:\/\/baluldelacastel.bethany.ro\/the-memory-from-the-island-valentina-drutu\/#primaryimage"},"image":{"@id":"https:\/\/baluldelacastel.bethany.ro\/the-memory-from-the-island-valentina-drutu\/#primaryimage"},"thumbnailUrl":"https:\/\/baluldelacastel.bethany.ro\/wp-content\/uploads\/2025\/09\/Produs-9.png","datePublished":"2025-09-03T10:02:17+00:00","dateModified":"2025-09-21T08:58:40+00:00","breadcrumb":{"@id":"https:\/\/baluldelacastel.bethany.ro\/the-memory-from-the-island-valentina-drutu\/#breadcrumb"},"inLanguage":"en-GB","potentialAction":[{"@type":"ReadAction","target":["https:\/\/baluldelacastel.bethany.ro\/the-memory-from-the-island-valentina-drutu\/"]}]},{"@type":"ImageObject","inLanguage":"en-GB","@id":"https:\/\/baluldelacastel.bethany.ro\/the-memory-from-the-island-valentina-drutu\/#primaryimage","url":"https:\/\/baluldelacastel.bethany.ro\/wp-content\/uploads\/2025\/09\/Produs-9.png","contentUrl":"https:\/\/baluldelacastel.bethany.ro\/wp-content\/uploads\/2025\/09\/Produs-9.png","width":1920,"height":1080},{"@type":"BreadcrumbList","@id":"https:\/\/baluldelacastel.bethany.ro\/the-memory-from-the-island-valentina-drutu\/#breadcrumb","itemListElement":[{"@type":"ListItem","position":1,"name":"Home","item":"https:\/\/baluldelacastel.bethany.ro\/"},{"@type":"ListItem","position":2,"name":"The Memory from the Island, Valentina Dru\u021bu"}]},{"@type":"WebSite","@id":"https:\/\/baluldelacastel.bethany.ro\/#website","url":"https:\/\/baluldelacastel.bethany.ro\/","name":"Balul de la Castel","description":"Bethany","publisher":{"@id":"https:\/\/baluldelacastel.bethany.ro\/#organization"},"potentialAction":[{"@type":"SearchAction","target":{"@type":"EntryPoint","urlTemplate":"https:\/\/baluldelacastel.bethany.ro\/?s={search_term_string}"},"query-input":{"@type":"PropertyValueSpecification","valueRequired":true,"valueName":"search_term_string"}}],"inLanguage":"en-GB"},{"@type":"Organization","@id":"https:\/\/baluldelacastel.bethany.ro\/#organization","name":"Bethany","url":"https:\/\/baluldelacastel.bethany.ro\/","logo":{"@type":"ImageObject","inLanguage":"en-GB","@id":"https:\/\/baluldelacastel.bethany.ro\/#\/schema\/logo\/image\/","url":"https:\/\/baluldelacastel.bethany.ro\/wp-content\/uploads\/2024\/07\/Asset-1_1.png","contentUrl":"https:\/\/baluldelacastel.bethany.ro\/wp-content\/uploads\/2024\/07\/Asset-1_1.png","width":597,"height":336,"caption":"Bethany"},"image":{"@id":"https:\/\/baluldelacastel.bethany.ro\/#\/schema\/logo\/image\/"},"sameAs":["https:\/\/www.instagram.com\/balul_de_la_castel\/"]},{"@type":"Person","@id":"https:\/\/baluldelacastel.bethany.ro\/#\/schema\/person\/233107c998f25ef927cce8e11f83f0f9","name":"ciprian","image":{"@type":"ImageObject","inLanguage":"en-GB","@id":"https:\/\/secure.gravatar.com\/avatar\/89aac401737793e89b7242587bc87a0e64b247f1c684297220f89f266303fb21?s=96&d=mm&r=g","url":"https:\/\/secure.gravatar.com\/avatar\/89aac401737793e89b7242587bc87a0e64b247f1c684297220f89f266303fb21?s=96&d=mm&r=g","contentUrl":"https:\/\/secure.gravatar.com\/avatar\/89aac401737793e89b7242587bc87a0e64b247f1c684297220f89f266303fb21?s=96&d=mm&r=g","caption":"ciprian"},"url":"https:\/\/baluldelacastel.bethany.ro\/en\/author\/ciprian\/"}]}},"_links":{"self":[{"href":"https:\/\/baluldelacastel.bethany.ro\/en\/wp-json\/wp\/v2\/posts\/1422","targetHints":{"allow":["GET"]}}],"collection":[{"href":"https:\/\/baluldelacastel.bethany.ro\/en\/wp-json\/wp\/v2\/posts"}],"about":[{"href":"https:\/\/baluldelacastel.bethany.ro\/en\/wp-json\/wp\/v2\/types\/post"}],"author":[{"embeddable":true,"href":"https:\/\/baluldelacastel.bethany.ro\/en\/wp-json\/wp\/v2\/users\/2"}],"replies":[{"embeddable":true,"href":"https:\/\/baluldelacastel.bethany.ro\/en\/wp-json\/wp\/v2\/comments?post=1422"}],"version-history":[{"count":3,"href":"https:\/\/baluldelacastel.bethany.ro\/en\/wp-json\/wp\/v2\/posts\/1422\/revisions"}],"predecessor-version":[{"id":2328,"href":"https:\/\/baluldelacastel.bethany.ro\/en\/wp-json\/wp\/v2\/posts\/1422\/revisions\/2328"}],"wp:featuredmedia":[{"embeddable":true,"href":"https:\/\/baluldelacastel.bethany.ro\/en\/wp-json\/wp\/v2\/media\/1417"}],"wp:attachment":[{"href":"https:\/\/baluldelacastel.bethany.ro\/en\/wp-json\/wp\/v2\/media?parent=1422"}],"wp:term":[{"taxonomy":"category","embeddable":true,"href":"https:\/\/baluldelacastel.bethany.ro\/en\/wp-json\/wp\/v2\/categories?post=1422"},{"taxonomy":"post_tag","embeddable":true,"href":"https:\/\/baluldelacastel.bethany.ro\/en\/wp-json\/wp\/v2\/tags?post=1422"}],"curies":[{"name":"wp","href":"https:\/\/api.w.org\/{rel}","templated":true}]}}