{"id":2333,"date":"2025-09-21T09:05:38","date_gmt":"2025-09-21T09:05:38","guid":{"rendered":"https:\/\/baluldelacastel.bethany.ro\/?p=2333"},"modified":"2025-09-21T09:05:38","modified_gmt":"2025-09-21T09:05:38","slug":"tricou-purtat-si-semnat-de-cristina-neagu","status":"publish","type":"post","link":"https:\/\/baluldelacastel.bethany.ro\/en\/tricou-purtat-si-semnat-de-cristina-neagu\/","title":{"rendered":"Tricou purtat \u0219i semnat de Cristina Neagu"},"content":{"rendered":"<p>Pies\u0103 de colec\u021bie<\/p>\n<p>Un obiect de colec\u021bie excep\u021bional, purtat \u0219i semnat de Cristina Neagu, cea mai titrat\u0103 handbalist\u0103 a lumii din ultimele decenii. Acest tricou a fost purtat \u00een meciul din optimile de final\u0103 ale Ligii Campionilor, pe 22.03.2025, din ultimul sezon al carierei sale \u00een competi\u021bie, \u00een care Cristina este all-time top scorer. Tricoul p\u0103streaz\u0103 urmele autentice ale efortului, inclusiv semnele de clister, care atest\u0103 realismul momentului pe teren.<\/p>\n<p>Cristina Neagu, de patru ori desemnat\u0103 \u201eCea mai bun\u0103 juc\u0103toare a lumii\u201d \u0219i golgheter all-time al Campionatelor Europene, simbolizeaz\u0103 excelen\u021ba, determinarea \u0219i leadership-ul \u00een sportul rom\u00e2nesc \u0219i interna\u021bional.<\/p>\n<p>Acest tricou nu este doar un obiect de colec\u021bie sportiv, ci un martor al unei performan\u021be legendare \u2013 fiecare semn \u0219i pat\u0103 pe material evoc\u0103 intensitatea momentului \u0219i spiritul unei campioane. Provenien\u021ba \u0219i semn\u0103tura fac din aceast\u0103 pies\u0103 o oportunitate rar\u0103 pentru colec\u021bionari de memorabilia sportiv\u0103 de talie mondial\u0103.<\/p>","protected":false},"excerpt":{"rendered":"<p>Pre\u021bul de pornire: 1000 \u20ac<br><br \/>\nDisponibil \u00een licita\u021bia live<\/p>","protected":false},"author":2,"featured_media":2307,"comment_status":"open","ping_status":"open","sticky":false,"template":"","format":"standard","meta":{"_acf_changed":false,"footnotes":""},"categories":[9],"tags":[],"class_list":["post-2333","post","type-post","status-publish","format-standard","has-post-thumbnail","hentry","category-obiecte-licitatie-2025"],"acf":[],"yoast_head":"<!-- This site is optimized with the Yoast SEO plugin v27.5 - https:\/\/yoast.com\/product\/yoast-seo-wordpress\/ -->\n<title>Tricou purtat \u0219i semnat de Cristina Neagu - Balul de la Castel<\/title>\n<meta name=\"robots\" content=\"index, follow, max-snippet:-1, max-image-preview:large, max-video-preview:-1\" \/>\n<link rel=\"canonical\" href=\"https:\/\/baluldelacastel.bethany.ro\/en\/tricou-purtat-si-semnat-de-cristina-neagu\/\" \/>\n<meta property=\"og:locale\" content=\"en_GB\" \/>\n<meta property=\"og:type\" content=\"article\" \/>\n<meta property=\"og:title\" content=\"Tricou purtat \u0219i semnat de Cristina Neagu - Balul de la Castel\" \/>\n<meta property=\"og:description\" content=\"Pre\u021bul de pornire: 1000 \u20ac Disponibil \u00een licita\u021bia live\" \/>\n<meta property=\"og:url\" content=\"https:\/\/baluldelacastel.bethany.ro\/en\/tricou-purtat-si-semnat-de-cristina-neagu\/\" \/>\n<meta property=\"og:site_name\" content=\"Balul de la Castel\" \/>\n<meta property=\"article:publisher\" content=\"https:\/\/www.instagram.com\/balul_de_la_castel\/\" \/>\n<meta property=\"article:published_time\" content=\"2025-09-21T09:05:38+00:00\" \/>\n<meta property=\"og:image\" content=\"https:\/\/baluldelacastel.bethany.ro\/wp-content\/uploads\/2025\/09\/Produs-17.jpg\" \/>\n\t<meta property=\"og:image:width\" content=\"1920\" \/>\n\t<meta property=\"og:image:height\" content=\"1080\" \/>\n\t<meta property=\"og:image:type\" content=\"image\/jpeg\" \/>\n<meta name=\"author\" content=\"ciprian\" \/>\n<meta name=\"twitter:card\" content=\"summary_large_image\" \/>\n<meta name=\"twitter:label1\" content=\"Written by\" \/>\n\t<meta name=\"twitter:data1\" content=\"ciprian\" \/>\n\t<meta name=\"twitter:label2\" content=\"Estimated reading time\" \/>\n\t<meta name=\"twitter:data2\" content=\"1 minute\" \/>\n<script type=\"application\/ld+json\" class=\"yoast-schema-graph\">{\"@context\":\"https:\\\/\\\/schema.org\",\"@graph\":[{\"@type\":\"Article\",\"@id\":\"https:\\\/\\\/baluldelacastel.bethany.ro\\\/tricou-purtat-si-semnat-de-cristina-neagu\\\/#article\",\"isPartOf\":{\"@id\":\"https:\\\/\\\/baluldelacastel.bethany.ro\\\/tricou-purtat-si-semnat-de-cristina-neagu\\\/\"},\"author\":{\"name\":\"ciprian\",\"@id\":\"https:\\\/\\\/baluldelacastel.bethany.ro\\\/#\\\/schema\\\/person\\\/233107c998f25ef927cce8e11f83f0f9\"},\"headline\":\"Tricou purtat \u0219i semnat de Cristina Neagu\",\"datePublished\":\"2025-09-21T09:05:38+00:00\",\"mainEntityOfPage\":{\"@id\":\"https:\\\/\\\/baluldelacastel.bethany.ro\\\/tricou-purtat-si-semnat-de-cristina-neagu\\\/\"},\"wordCount\":166,\"commentCount\":0,\"publisher\":{\"@id\":\"https:\\\/\\\/baluldelacastel.bethany.ro\\\/#organization\"},\"image\":{\"@id\":\"https:\\\/\\\/baluldelacastel.bethany.ro\\\/tricou-purtat-si-semnat-de-cristina-neagu\\\/#primaryimage\"},\"thumbnailUrl\":\"https:\\\/\\\/baluldelacastel.bethany.ro\\\/wp-content\\\/uploads\\\/2025\\\/09\\\/Produs-17.jpg\",\"articleSection\":[\"Obiecte licitatie 2025\"],\"inLanguage\":\"en-GB\",\"potentialAction\":[{\"@type\":\"CommentAction\",\"name\":\"Comment\",\"target\":[\"https:\\\/\\\/baluldelacastel.bethany.ro\\\/tricou-purtat-si-semnat-de-cristina-neagu\\\/#respond\"]}]},{\"@type\":\"WebPage\",\"@id\":\"https:\\\/\\\/baluldelacastel.bethany.ro\\\/tricou-purtat-si-semnat-de-cristina-neagu\\\/\",\"url\":\"https:\\\/\\\/baluldelacastel.bethany.ro\\\/tricou-purtat-si-semnat-de-cristina-neagu\\\/\",\"name\":\"Tricou purtat \u0219i semnat de Cristina Neagu - Balul de la Castel\",\"isPartOf\":{\"@id\":\"https:\\\/\\\/baluldelacastel.bethany.ro\\\/#website\"},\"primaryImageOfPage\":{\"@id\":\"https:\\\/\\\/baluldelacastel.bethany.ro\\\/tricou-purtat-si-semnat-de-cristina-neagu\\\/#primaryimage\"},\"image\":{\"@id\":\"https:\\\/\\\/baluldelacastel.bethany.ro\\\/tricou-purtat-si-semnat-de-cristina-neagu\\\/#primaryimage\"},\"thumbnailUrl\":\"https:\\\/\\\/baluldelacastel.bethany.ro\\\/wp-content\\\/uploads\\\/2025\\\/09\\\/Produs-17.jpg\",\"datePublished\":\"2025-09-21T09:05:38+00:00\",\"breadcrumb\":{\"@id\":\"https:\\\/\\\/baluldelacastel.bethany.ro\\\/tricou-purtat-si-semnat-de-cristina-neagu\\\/#breadcrumb\"},\"inLanguage\":\"en-GB\",\"potentialAction\":[{\"@type\":\"ReadAction\",\"target\":[\"https:\\\/\\\/baluldelacastel.bethany.ro\\\/tricou-purtat-si-semnat-de-cristina-neagu\\\/\"]}]},{\"@type\":\"ImageObject\",\"inLanguage\":\"en-GB\",\"@id\":\"https:\\\/\\\/baluldelacastel.bethany.ro\\\/tricou-purtat-si-semnat-de-cristina-neagu\\\/#primaryimage\",\"url\":\"https:\\\/\\\/baluldelacastel.bethany.ro\\\/wp-content\\\/uploads\\\/2025\\\/09\\\/Produs-17.jpg\",\"contentUrl\":\"https:\\\/\\\/baluldelacastel.bethany.ro\\\/wp-content\\\/uploads\\\/2025\\\/09\\\/Produs-17.jpg\",\"width\":1920,\"height\":1080},{\"@type\":\"BreadcrumbList\",\"@id\":\"https:\\\/\\\/baluldelacastel.bethany.ro\\\/tricou-purtat-si-semnat-de-cristina-neagu\\\/#breadcrumb\",\"itemListElement\":[{\"@type\":\"ListItem\",\"position\":1,\"name\":\"Home\",\"item\":\"https:\\\/\\\/baluldelacastel.bethany.ro\\\/\"},{\"@type\":\"ListItem\",\"position\":2,\"name\":\"Tricou purtat \u0219i semnat de Cristina Neagu\"}]},{\"@type\":\"WebSite\",\"@id\":\"https:\\\/\\\/baluldelacastel.bethany.ro\\\/#website\",\"url\":\"https:\\\/\\\/baluldelacastel.bethany.ro\\\/\",\"name\":\"Balul de la Castel\",\"description\":\"Bethany\",\"publisher\":{\"@id\":\"https:\\\/\\\/baluldelacastel.bethany.ro\\\/#organization\"},\"potentialAction\":[{\"@type\":\"SearchAction\",\"target\":{\"@type\":\"EntryPoint\",\"urlTemplate\":\"https:\\\/\\\/baluldelacastel.bethany.ro\\\/?s={search_term_string}\"},\"query-input\":{\"@type\":\"PropertyValueSpecification\",\"valueRequired\":true,\"valueName\":\"search_term_string\"}}],\"inLanguage\":\"en-GB\"},{\"@type\":\"Organization\",\"@id\":\"https:\\\/\\\/baluldelacastel.bethany.ro\\\/#organization\",\"name\":\"Bethany\",\"url\":\"https:\\\/\\\/baluldelacastel.bethany.ro\\\/\",\"logo\":{\"@type\":\"ImageObject\",\"inLanguage\":\"en-GB\",\"@id\":\"https:\\\/\\\/baluldelacastel.bethany.ro\\\/#\\\/schema\\\/logo\\\/image\\\/\",\"url\":\"https:\\\/\\\/baluldelacastel.bethany.ro\\\/wp-content\\\/uploads\\\/2024\\\/07\\\/Asset-1_1.png\",\"contentUrl\":\"https:\\\/\\\/baluldelacastel.bethany.ro\\\/wp-content\\\/uploads\\\/2024\\\/07\\\/Asset-1_1.png\",\"width\":597,\"height\":336,\"caption\":\"Bethany\"},\"image\":{\"@id\":\"https:\\\/\\\/baluldelacastel.bethany.ro\\\/#\\\/schema\\\/logo\\\/image\\\/\"},\"sameAs\":[\"https:\\\/\\\/www.instagram.com\\\/balul_de_la_castel\\\/\"]},{\"@type\":\"Person\",\"@id\":\"https:\\\/\\\/baluldelacastel.bethany.ro\\\/#\\\/schema\\\/person\\\/233107c998f25ef927cce8e11f83f0f9\",\"name\":\"ciprian\",\"image\":{\"@type\":\"ImageObject\",\"inLanguage\":\"en-GB\",\"@id\":\"https:\\\/\\\/secure.gravatar.com\\\/avatar\\\/89aac401737793e89b7242587bc87a0e64b247f1c684297220f89f266303fb21?s=96&d=mm&r=g\",\"url\":\"https:\\\/\\\/secure.gravatar.com\\\/avatar\\\/89aac401737793e89b7242587bc87a0e64b247f1c684297220f89f266303fb21?s=96&d=mm&r=g\",\"contentUrl\":\"https:\\\/\\\/secure.gravatar.com\\\/avatar\\\/89aac401737793e89b7242587bc87a0e64b247f1c684297220f89f266303fb21?s=96&d=mm&r=g\",\"caption\":\"ciprian\"},\"url\":\"https:\\\/\\\/baluldelacastel.bethany.ro\\\/en\\\/author\\\/ciprian\\\/\"}]}<\/script>\n<!-- \/ Yoast SEO plugin. -->","yoast_head_json":{"title":"Tricou purtat \u0219i semnat de Cristina Neagu - Balul de la Castel","robots":{"index":"index","follow":"follow","max-snippet":"max-snippet:-1","max-image-preview":"max-image-preview:large","max-video-preview":"max-video-preview:-1"},"canonical":"https:\/\/baluldelacastel.bethany.ro\/en\/tricou-purtat-si-semnat-de-cristina-neagu\/","og_locale":"en_GB","og_type":"article","og_title":"Tricou purtat \u0219i semnat de Cristina Neagu - Balul de la Castel","og_description":"Pre\u021bul de pornire: 1000 \u20ac Disponibil \u00een licita\u021bia live","og_url":"https:\/\/baluldelacastel.bethany.ro\/en\/tricou-purtat-si-semnat-de-cristina-neagu\/","og_site_name":"Balul de la Castel","article_publisher":"https:\/\/www.instagram.com\/balul_de_la_castel\/","article_published_time":"2025-09-21T09:05:38+00:00","og_image":[{"width":1920,"height":1080,"url":"https:\/\/baluldelacastel.bethany.ro\/wp-content\/uploads\/2025\/09\/Produs-17.jpg","type":"image\/jpeg"}],"author":"ciprian","twitter_card":"summary_large_image","twitter_misc":{"Written by":"ciprian","Estimated reading time":"1 minute"},"schema":{"@context":"https:\/\/schema.org","@graph":[{"@type":"Article","@id":"https:\/\/baluldelacastel.bethany.ro\/tricou-purtat-si-semnat-de-cristina-neagu\/#article","isPartOf":{"@id":"https:\/\/baluldelacastel.bethany.ro\/tricou-purtat-si-semnat-de-cristina-neagu\/"},"author":{"name":"ciprian","@id":"https:\/\/baluldelacastel.bethany.ro\/#\/schema\/person\/233107c998f25ef927cce8e11f83f0f9"},"headline":"Tricou purtat \u0219i semnat de Cristina Neagu","datePublished":"2025-09-21T09:05:38+00:00","mainEntityOfPage":{"@id":"https:\/\/baluldelacastel.bethany.ro\/tricou-purtat-si-semnat-de-cristina-neagu\/"},"wordCount":166,"commentCount":0,"publisher":{"@id":"https:\/\/baluldelacastel.bethany.ro\/#organization"},"image":{"@id":"https:\/\/baluldelacastel.bethany.ro\/tricou-purtat-si-semnat-de-cristina-neagu\/#primaryimage"},"thumbnailUrl":"https:\/\/baluldelacastel.bethany.ro\/wp-content\/uploads\/2025\/09\/Produs-17.jpg","articleSection":["Obiecte licitatie 2025"],"inLanguage":"en-GB","potentialAction":[{"@type":"CommentAction","name":"Comment","target":["https:\/\/baluldelacastel.bethany.ro\/tricou-purtat-si-semnat-de-cristina-neagu\/#respond"]}]},{"@type":"WebPage","@id":"https:\/\/baluldelacastel.bethany.ro\/tricou-purtat-si-semnat-de-cristina-neagu\/","url":"https:\/\/baluldelacastel.bethany.ro\/tricou-purtat-si-semnat-de-cristina-neagu\/","name":"Tricou purtat \u0219i semnat de Cristina Neagu - Balul de la Castel","isPartOf":{"@id":"https:\/\/baluldelacastel.bethany.ro\/#website"},"primaryImageOfPage":{"@id":"https:\/\/baluldelacastel.bethany.ro\/tricou-purtat-si-semnat-de-cristina-neagu\/#primaryimage"},"image":{"@id":"https:\/\/baluldelacastel.bethany.ro\/tricou-purtat-si-semnat-de-cristina-neagu\/#primaryimage"},"thumbnailUrl":"https:\/\/baluldelacastel.bethany.ro\/wp-content\/uploads\/2025\/09\/Produs-17.jpg","datePublished":"2025-09-21T09:05:38+00:00","breadcrumb":{"@id":"https:\/\/baluldelacastel.bethany.ro\/tricou-purtat-si-semnat-de-cristina-neagu\/#breadcrumb"},"inLanguage":"en-GB","potentialAction":[{"@type":"ReadAction","target":["https:\/\/baluldelacastel.bethany.ro\/tricou-purtat-si-semnat-de-cristina-neagu\/"]}]},{"@type":"ImageObject","inLanguage":"en-GB","@id":"https:\/\/baluldelacastel.bethany.ro\/tricou-purtat-si-semnat-de-cristina-neagu\/#primaryimage","url":"https:\/\/baluldelacastel.bethany.ro\/wp-content\/uploads\/2025\/09\/Produs-17.jpg","contentUrl":"https:\/\/baluldelacastel.bethany.ro\/wp-content\/uploads\/2025\/09\/Produs-17.jpg","width":1920,"height":1080},{"@type":"BreadcrumbList","@id":"https:\/\/baluldelacastel.bethany.ro\/tricou-purtat-si-semnat-de-cristina-neagu\/#breadcrumb","itemListElement":[{"@type":"ListItem","position":1,"name":"Home","item":"https:\/\/baluldelacastel.bethany.ro\/"},{"@type":"ListItem","position":2,"name":"Tricou purtat \u0219i semnat de Cristina Neagu"}]},{"@type":"WebSite","@id":"https:\/\/baluldelacastel.bethany.ro\/#website","url":"https:\/\/baluldelacastel.bethany.ro\/","name":"Balul de la Castel","description":"Bethany","publisher":{"@id":"https:\/\/baluldelacastel.bethany.ro\/#organization"},"potentialAction":[{"@type":"SearchAction","target":{"@type":"EntryPoint","urlTemplate":"https:\/\/baluldelacastel.bethany.ro\/?s={search_term_string}"},"query-input":{"@type":"PropertyValueSpecification","valueRequired":true,"valueName":"search_term_string"}}],"inLanguage":"en-GB"},{"@type":"Organization","@id":"https:\/\/baluldelacastel.bethany.ro\/#organization","name":"Bethany","url":"https:\/\/baluldelacastel.bethany.ro\/","logo":{"@type":"ImageObject","inLanguage":"en-GB","@id":"https:\/\/baluldelacastel.bethany.ro\/#\/schema\/logo\/image\/","url":"https:\/\/baluldelacastel.bethany.ro\/wp-content\/uploads\/2024\/07\/Asset-1_1.png","contentUrl":"https:\/\/baluldelacastel.bethany.ro\/wp-content\/uploads\/2024\/07\/Asset-1_1.png","width":597,"height":336,"caption":"Bethany"},"image":{"@id":"https:\/\/baluldelacastel.bethany.ro\/#\/schema\/logo\/image\/"},"sameAs":["https:\/\/www.instagram.com\/balul_de_la_castel\/"]},{"@type":"Person","@id":"https:\/\/baluldelacastel.bethany.ro\/#\/schema\/person\/233107c998f25ef927cce8e11f83f0f9","name":"ciprian","image":{"@type":"ImageObject","inLanguage":"en-GB","@id":"https:\/\/secure.gravatar.com\/avatar\/89aac401737793e89b7242587bc87a0e64b247f1c684297220f89f266303fb21?s=96&d=mm&r=g","url":"https:\/\/secure.gravatar.com\/avatar\/89aac401737793e89b7242587bc87a0e64b247f1c684297220f89f266303fb21?s=96&d=mm&r=g","contentUrl":"https:\/\/secure.gravatar.com\/avatar\/89aac401737793e89b7242587bc87a0e64b247f1c684297220f89f266303fb21?s=96&d=mm&r=g","caption":"ciprian"},"url":"https:\/\/baluldelacastel.bethany.ro\/en\/author\/ciprian\/"}]}},"_links":{"self":[{"href":"https:\/\/baluldelacastel.bethany.ro\/en\/wp-json\/wp\/v2\/posts\/2333","targetHints":{"allow":["GET"]}}],"collection":[{"href":"https:\/\/baluldelacastel.bethany.ro\/en\/wp-json\/wp\/v2\/posts"}],"about":[{"href":"https:\/\/baluldelacastel.bethany.ro\/en\/wp-json\/wp\/v2\/types\/post"}],"author":[{"embeddable":true,"href":"https:\/\/baluldelacastel.bethany.ro\/en\/wp-json\/wp\/v2\/users\/2"}],"replies":[{"embeddable":true,"href":"https:\/\/baluldelacastel.bethany.ro\/en\/wp-json\/wp\/v2\/comments?post=2333"}],"version-history":[{"count":1,"href":"https:\/\/baluldelacastel.bethany.ro\/en\/wp-json\/wp\/v2\/posts\/2333\/revisions"}],"predecessor-version":[{"id":2334,"href":"https:\/\/baluldelacastel.bethany.ro\/en\/wp-json\/wp\/v2\/posts\/2333\/revisions\/2334"}],"wp:featuredmedia":[{"embeddable":true,"href":"https:\/\/baluldelacastel.bethany.ro\/en\/wp-json\/wp\/v2\/media\/2307"}],"wp:attachment":[{"href":"https:\/\/baluldelacastel.bethany.ro\/en\/wp-json\/wp\/v2\/media?parent=2333"}],"wp:term":[{"taxonomy":"category","embeddable":true,"href":"https:\/\/baluldelacastel.bethany.ro\/en\/wp-json\/wp\/v2\/categories?post=2333"},{"taxonomy":"post_tag","embeddable":true,"href":"https:\/\/baluldelacastel.bethany.ro\/en\/wp-json\/wp\/v2\/tags?post=2333"}],"curies":[{"name":"wp","href":"https:\/\/api.w.org\/{rel}","templated":true}]}}